{"id":1514,"date":"2021-02-26T21:18:02","date_gmt":"2021-02-26T21:18:02","guid":{"rendered":"http:\/\/s856749478.onlinehome.fr\/?p=1514"},"modified":"2021-02-26T21:18:02","modified_gmt":"2021-02-26T21:18:02","slug":"en-bretagne","status":"publish","type":"post","link":"https:\/\/anapi.fr\/?p=1514","title":{"rendered":"En Bretagne"},"content":{"rendered":"<p><em><strong>L\u2019ANAPI contribue \u00e0 la construction de m\u00e9moriaux \u00e0 la m\u00e9moire de ceux qui sont morts pour la France en Extr\u00eame Orient.<\/strong><\/em><\/p>\n<hr \/>\n<p><strong>En Bretagne :<\/strong><\/p>\n<p>Sur l\u2019initiative du Pr\u00e9sident R\u00e9gional, un monument a \u00e9t\u00e9 inaugur\u00e9 le 8 septembre 2005 pr\u00e8s de Brest \u00e0 l\u2019H\u00f4pital-Camfrout par Monsieur le Ministre des anciens combattants.<br \/>\nSix st\u00e8les de granit rappellent l\u2019Histoire de la pr\u00e9sence Fran\u00e7aise en Indochine.<\/p>\n<p><img loading=\"lazy\" decoding=\"async\" class=\"alignnone wp-image-1515 size-full\" src=\"http:\/\/s856749478.onlinehome.fr\/wp-content\/uploads\/2021\/02\/MOMUMENT-BERTAGNE-1.jpg\" alt=\"\" width=\"500\" height=\"744\" srcset=\"https:\/\/anapi.fr\/wp-content\/uploads\/2021\/02\/MOMUMENT-BERTAGNE-1.jpg 500w, https:\/\/anapi.fr\/wp-content\/uploads\/2021\/02\/MOMUMENT-BERTAGNE-1-202x300.jpg 202w\" sizes=\"auto, (max-width: 500px) 100vw, 500px\" \/><\/p>\n<p><img loading=\"lazy\" decoding=\"async\" class=\"alignnone wp-image-1516 size-full\" src=\"http:\/\/s856749478.onlinehome.fr\/wp-content\/uploads\/2021\/02\/MOMUMENT-BERTAGNE-2.jpg\" alt=\"\" width=\"500\" height=\"346\" srcset=\"https:\/\/anapi.fr\/wp-content\/uploads\/2021\/02\/MOMUMENT-BERTAGNE-2.jpg 500w, https:\/\/anapi.fr\/wp-content\/uploads\/2021\/02\/MOMUMENT-BERTAGNE-2-300x208.jpg 300w\" sizes=\"auto, (max-width: 500px) 100vw, 500px\" \/><\/p>\n<p><img loading=\"lazy\" decoding=\"async\" class=\"alignnone wp-image-1517 size-full\" src=\"http:\/\/s856749478.onlinehome.fr\/wp-content\/uploads\/2021\/02\/MOMUMENT-BERTAGNE-3.jpg\" alt=\"\" width=\"500\" height=\"334\" srcset=\"https:\/\/anapi.fr\/wp-content\/uploads\/2021\/02\/MOMUMENT-BERTAGNE-3.jpg 500w, https:\/\/anapi.fr\/wp-content\/uploads\/2021\/02\/MOMUMENT-BERTAGNE-3-300x200.jpg 300w, https:\/\/anapi.fr\/wp-content\/uploads\/2021\/02\/MOMUMENT-BERTAGNE-3-272x182.jpg 272w\" sizes=\"auto, (max-width: 500px) 100vw, 500px\" \/><\/p>\n<p><img loading=\"lazy\" decoding=\"async\" class=\"alignnone wp-image-1518 size-full\" src=\"http:\/\/s856749478.onlinehome.fr\/wp-content\/uploads\/2021\/02\/MOMUMENT-BERTAGNE-4.jpg\" alt=\"\" width=\"500\" height=\"344\" srcset=\"https:\/\/anapi.fr\/wp-content\/uploads\/2021\/02\/MOMUMENT-BERTAGNE-4.jpg 500w, https:\/\/anapi.fr\/wp-content\/uploads\/2021\/02\/MOMUMENT-BERTAGNE-4-300x206.jpg 300w\" sizes=\"auto, (max-width: 500px) 100vw, 500px\" \/><\/p>\n<p><img loading=\"lazy\" decoding=\"async\" class=\"alignnone wp-image-1519 size-full\" src=\"http:\/\/s856749478.onlinehome.fr\/wp-content\/uploads\/2021\/02\/MOMUMENT-BERTAGNE-5.jpg\" alt=\"\" width=\"500\" height=\"749\" srcset=\"https:\/\/anapi.fr\/wp-content\/uploads\/2021\/02\/MOMUMENT-BERTAGNE-5.jpg 500w, https:\/\/anapi.fr\/wp-content\/uploads\/2021\/02\/MOMUMENT-BERTAGNE-5-200x300.jpg 200w\" sizes=\"auto, (max-width: 500px) 100vw, 500px\" \/><\/p>\n<p>Views: 13<\/p>","protected":false},"excerpt":{"rendered":"<p>L\u2019ANAPI contribue \u00e0 la construction de m\u00e9moriaux \u00e0 la m\u00e9moire de ceux qui sont morts pour la France en Extr\u00eame Orient. En Bretagne : Sur l\u2019initiative du Pr\u00e9sident R\u00e9gional, un monument a \u00e9t\u00e9 inaugur\u00e9 le 8 septembre 2005 pr\u00e8s de Brest \u00e0 l\u2019H\u00f4pital-Camfrout par Monsieur le Ministre des anciens combattants. Six st\u00e8les de granit rappellent [&hellip;]<\/p>\n","protected":false},"author":1,"featured_media":0,"comment_status":"closed","ping_status":"closed","sticky":false,"template":"","format":"standard","meta":{"_uag_custom_page_level_css":"","site-sidebar-layout":"default","site-content-layout":"default","ast-site-content-layout":"default","site-content-style":"default","site-sidebar-style":"default","ast-global-header-display":"","ast-banner-title-visibility":"","ast-main-header-display":"","ast-hfb-above-header-display":"","ast-hfb-below-header-display":"","ast-hfb-mobile-header-display":"","site-post-title":"","ast-breadcrumbs-content":"","ast-featured-img":"","footer-sml-layout":"","ast-disable-related-posts":"","theme-transparent-header-meta":"default","adv-header-id-meta":"","stick-header-meta":"default","header-above-stick-meta":"","header-main-stick-meta":"","header-below-stick-meta":"","astra-migrate-meta-layouts":"default","ast-page-background-enabled":"default","ast-page-background-meta":{"desktop":{"background-color":"","background-image":"","background-repeat":"repeat","background-position":"center center","background-size":"auto","background-attachment":"scroll","background-type":"","background-media":"","overlay-type":"","overlay-color":"","overlay-opacity":"","overlay-gradient":""},"tablet":{"background-color":"","background-image":"","background-repeat":"repeat","background-position":"center center","background-size":"auto","background-attachment":"scroll","background-type":"","background-media":"","overlay-type":"","overlay-color":"","overlay-opacity":"","overlay-gradient":""},"mobile":{"background-color":"","background-image":"","background-repeat":"repeat","background-position":"center center","background-size":"auto","background-attachment":"scroll","background-type":"","background-media":"","overlay-type":"","overlay-color":"","overlay-opacity":"","overlay-gradient":""}},"ast-content-background-meta":{"desktop":{"background-color":"var(--ast-global-color-5)","background-image":"","background-repeat":"repeat","background-position":"center center","background-size":"auto","background-attachment":"scroll","background-type":"","background-media":"","overlay-type":"","overlay-color":"","overlay-opacity":"","overlay-gradient":""},"tablet":{"background-color":"var(--ast-global-color-5)","background-image":"","background-repeat":"repeat","background-position":"center center","background-size":"auto","background-attachment":"scroll","background-type":"","background-media":"","overlay-type":"","overlay-color":"","overlay-opacity":"","overlay-gradient":""},"mobile":{"background-color":"var(--ast-global-color-5)","background-image":"","background-repeat":"repeat","background-position":"center center","background-size":"auto","background-attachment":"scroll","background-type":"","background-media":"","overlay-type":"","overlay-color":"","overlay-opacity":"","overlay-gradient":""}},"footnotes":""},"categories":[48],"tags":[],"table_tags":[],"class_list":["post-1514","post","type-post","status-publish","format-standard","hentry","category-les-monuments"],"uagb_featured_image_src":{"full":false,"thumbnail":false,"medium":false,"medium_large":false,"large":false,"1536x1536":false,"2048x2048":false},"uagb_author_info":{"display_name":"ANAPI","author_link":"https:\/\/anapi.fr\/?author=1"},"uagb_comment_info":0,"uagb_excerpt":"L\u2019ANAPI contribue \u00e0 la construction de m\u00e9moriaux \u00e0 la m\u00e9moire de ceux qui sont morts pour la France en Extr\u00eame Orient. En Bretagne : Sur l\u2019initiative du Pr\u00e9sident R\u00e9gional, un monument a \u00e9t\u00e9 inaugur\u00e9 le 8 septembre 2005 pr\u00e8s de Brest \u00e0 l\u2019H\u00f4pital-Camfrout par Monsieur le Ministre des anciens combattants. Six st\u00e8les de granit rappellent\u2026","_links":{"self":[{"href":"https:\/\/anapi.fr\/index.php?rest_route=\/wp\/v2\/posts\/1514","targetHints":{"allow":["GET"]}}],"collection":[{"href":"https:\/\/anapi.fr\/index.php?rest_route=\/wp\/v2\/posts"}],"about":[{"href":"https:\/\/anapi.fr\/index.php?rest_route=\/wp\/v2\/types\/post"}],"author":[{"embeddable":true,"href":"https:\/\/anapi.fr\/index.php?rest_route=\/wp\/v2\/users\/1"}],"replies":[{"embeddable":true,"href":"https:\/\/anapi.fr\/index.php?rest_route=%2Fwp%2Fv2%2Fcomments&post=1514"}],"version-history":[{"count":2,"href":"https:\/\/anapi.fr\/index.php?rest_route=\/wp\/v2\/posts\/1514\/revisions"}],"predecessor-version":[{"id":1521,"href":"https:\/\/anapi.fr\/index.php?rest_route=\/wp\/v2\/posts\/1514\/revisions\/1521"}],"wp:attachment":[{"href":"https:\/\/anapi.fr\/index.php?rest_route=%2Fwp%2Fv2%2Fmedia&parent=1514"}],"wp:term":[{"taxonomy":"category","embeddable":true,"href":"https:\/\/anapi.fr\/index.php?rest_route=%2Fwp%2Fv2%2Fcategories&post=1514"},{"taxonomy":"post_tag","embeddable":true,"href":"https:\/\/anapi.fr\/index.php?rest_route=%2Fwp%2Fv2%2Ftags&post=1514"},{"taxonomy":"table_tags","embeddable":true,"href":"https:\/\/anapi.fr\/index.php?rest_route=%2Fwp%2Fv2%2Ftable_tags&post=1514"}],"curies":[{"name":"wp","href":"https:\/\/api.w.org\/{rel}","templated":true}]}}