{"id":3069,"date":"2024-05-22T18:42:56","date_gmt":"2024-05-22T18:42:56","guid":{"rendered":"https:\/\/anapi.fr\/?p=3069"},"modified":"2024-05-22T18:42:56","modified_gmt":"2024-05-22T18:42:56","slug":"ceremonies-du-70eme-anniversaire-de-la-fin-des-combats-de-dien-bien-phu-par-philippe-chasseriaud-president-ile-de-france-anapi","status":"publish","type":"post","link":"https:\/\/anapi.fr\/?p=3069","title":{"rendered":"C\u00e9r\u00e9monies du 70\u00e8me anniversaire de la fin des combats de Dien Bien Phu par Philippe CHASSERIAUD, pr\u00e9sident Ile de France ANAPI"},"content":{"rendered":"<p style=\"text-align: justify; padding-left: 40px;\">Le 07 mai 2024, l\u2019ANAPI a rendu un vibrant hommage aux combattants de Dien Bien Phu \u00e0 l\u2019occasion du 70\u00e8me anniversaire marquant la fin des combats de cette terrible bataille.<\/p>\n<p style=\"text-align: justify;\">U<span style=\"font-size: 16px;\">ne premi\u00e8re c\u00e9r\u00e9monie a ainsi \u00e9t\u00e9 organis\u00e9e dans la matin\u00e9e \u00e0 Nogent sur Marne, autour de son monument aux morts rassemblant environ 150 personnes.<\/span><\/p>\n<p style=\"text-align: justify;\">Une seconde c\u00e9r\u00e9monie est venue cl\u00f4turer dans la soir\u00e9e sous l\u2019Arc de triomphe cette s\u00e9quence m\u00e9morielle.<\/p>\n<p style=\"text-align: justify;\">Nogent sur Marne\u00a0:<\/p>\n<p><img loading=\"lazy\" decoding=\"async\" class=\"aligncenter wp-image-3073 size-large\" src=\"https:\/\/anapi.fr\/wp-content\/uploads\/2024\/05\/IMG_20240522_184826-1024x756.jpg\" alt=\"\" width=\"1024\" height=\"756\" srcset=\"https:\/\/anapi.fr\/wp-content\/uploads\/2024\/05\/IMG_20240522_184826-1024x756.jpg 1024w, https:\/\/anapi.fr\/wp-content\/uploads\/2024\/05\/IMG_20240522_184826-300x222.jpg 300w, https:\/\/anapi.fr\/wp-content\/uploads\/2024\/05\/IMG_20240522_184826-768x567.jpg 768w, https:\/\/anapi.fr\/wp-content\/uploads\/2024\/05\/IMG_20240522_184826.jpg 1056w\" sizes=\"auto, (max-width: 1024px) 100vw, 1024px\" \/><\/p>\n<p style=\"text-align: justify;\">Outre un piquet d\u2019honneur fourni par le Groupement de Recrutement de la L\u00e9gion \u00e9trang\u00e8re (GRLE) du Fort de Nogent aux ordres du Lieutenant-Colonel EYCKMAYER, un peloton en arme du groupement de gendarmerie mobile de Maisons-Alfort \u00e9tait \u00e9galement pr\u00e9sent, marquant de fa\u00e7on symbolique la pr\u00e9sence de gendarmes lors de cette terrible bataille.<\/p>\n<p><img loading=\"lazy\" decoding=\"async\" class=\"aligncenter wp-image-3057 size-large\" src=\"https:\/\/anapi.fr\/wp-content\/uploads\/2024\/05\/7-mai-Nogent-2024-credit-Bondroit-Indo-Editions_8095-1024x678.jpg\" alt=\"\" width=\"1024\" height=\"678\" srcset=\"https:\/\/anapi.fr\/wp-content\/uploads\/2024\/05\/7-mai-Nogent-2024-credit-Bondroit-Indo-Editions_8095-1024x678.jpg 1024w, https:\/\/anapi.fr\/wp-content\/uploads\/2024\/05\/7-mai-Nogent-2024-credit-Bondroit-Indo-Editions_8095-300x199.jpg 300w, https:\/\/anapi.fr\/wp-content\/uploads\/2024\/05\/7-mai-Nogent-2024-credit-Bondroit-Indo-Editions_8095-768x509.jpg 768w, https:\/\/anapi.fr\/wp-content\/uploads\/2024\/05\/7-mai-Nogent-2024-credit-Bondroit-Indo-Editions_8095.jpg 1280w\" sizes=\"auto, (max-width: 1024px) 100vw, 1024px\" \/><\/p>\n<p><img loading=\"lazy\" decoding=\"async\" class=\"aligncenter wp-image-3079 size-large\" src=\"https:\/\/anapi.fr\/wp-content\/uploads\/2024\/05\/IMG_20240522_185615-1024x695.jpg\" alt=\"\" width=\"1024\" height=\"695\" srcset=\"https:\/\/anapi.fr\/wp-content\/uploads\/2024\/05\/IMG_20240522_185615-1024x695.jpg 1024w, https:\/\/anapi.fr\/wp-content\/uploads\/2024\/05\/IMG_20240522_185615-300x204.jpg 300w, https:\/\/anapi.fr\/wp-content\/uploads\/2024\/05\/IMG_20240522_185615-768x521.jpg 768w, https:\/\/anapi.fr\/wp-content\/uploads\/2024\/05\/IMG_20240522_185615.jpg 1054w\" sizes=\"auto, (max-width: 1024px) 100vw, 1024px\" \/><\/p>\n<p style=\"text-align: justify;\">De nombreuses personnalit\u00e9s \u00e9taient pr\u00e9sentes, parmi eux les \u00e9lus de la ville et du d\u00e9partement, le g\u00e9n\u00e9ral de brigade de gendarmerie Jean-Fran\u00e7ois VOILLOT, le CGA Philippe de MALEISSYE, pr\u00e9sident de l\u2019ANAPI et son secr\u00e9taire g\u00e9n\u00e9ral Eric FORNAL.<\/p>\n<p><img loading=\"lazy\" decoding=\"async\" class=\"aligncenter wp-image-3082 size-large\" src=\"https:\/\/anapi.fr\/wp-content\/uploads\/2024\/05\/IMG_20240522_190034-1024x685.jpg\" alt=\"\" width=\"1024\" height=\"685\" srcset=\"https:\/\/anapi.fr\/wp-content\/uploads\/2024\/05\/IMG_20240522_190034-1024x685.jpg 1024w, https:\/\/anapi.fr\/wp-content\/uploads\/2024\/05\/IMG_20240522_190034-300x201.jpg 300w, https:\/\/anapi.fr\/wp-content\/uploads\/2024\/05\/IMG_20240522_190034-768x513.jpg 768w, https:\/\/anapi.fr\/wp-content\/uploads\/2024\/05\/IMG_20240522_190034.jpg 1080w\" sizes=\"auto, (max-width: 1024px) 100vw, 1024px\" \/><\/p>\n<p style=\"text-align: justify;\">Dans la foule se trouvaient de nombreux anciens combattants et leur famille.<\/p>\n<p style=\"text-align: justify;\">Parmi ces derni\u00e8res se trouvait la petite fille de Lazare PONTICELLI, dernier poilu de la guerre de 14-18 (d\u00e9c\u00e9d\u00e9 en 2008) et de Madame Do\u00efna GNIEWEK, veuve du lieutenant honoraire Fran\u00e7ois GIEWEK, ancien combattant de Dien Bien Phu.<\/p>\n<p><img loading=\"lazy\" decoding=\"async\" class=\"aligncenter wp-image-3085 size-large\" src=\"https:\/\/anapi.fr\/wp-content\/uploads\/2024\/05\/IMG_20240522_190353-1024x735.jpg\" alt=\"\" width=\"1024\" height=\"735\" srcset=\"https:\/\/anapi.fr\/wp-content\/uploads\/2024\/05\/IMG_20240522_190353-1024x735.jpg 1024w, https:\/\/anapi.fr\/wp-content\/uploads\/2024\/05\/IMG_20240522_190353-300x215.jpg 300w, https:\/\/anapi.fr\/wp-content\/uploads\/2024\/05\/IMG_20240522_190353-768x551.jpg 768w, https:\/\/anapi.fr\/wp-content\/uploads\/2024\/05\/IMG_20240522_190353.jpg 1048w\" sizes=\"auto, (max-width: 1024px) 100vw, 1024px\" \/><\/p>\n<p style=\"text-align: justify;\">Dans un vibrant discours Monsieur Thierry MORVAN, adjoint au maire de Nogent-sur-Marne a retrac\u00e9 le sacrifice des combattants de cette bataille et a mis en avant trois grands anciens d\u2019Indochine pr\u00e9sents \u00e0 cette c\u00e9r\u00e9monie\u00a0: le Major Pierre FLAMEN (photo ci-dessus), bless\u00e9 et fait prisonnier \u00e0 la chute de Dien Bien Phu, le Colonel m\u00e9decin Hoang Co Lan, ancien du 2\u00e8me BEP et enfin le Colonel Tran Dinh Vy (photo ci-dessous), ancien membre du Commando 24 \u00ab\u00a0Tigre Noir\u00a0\u00bb, compagnon d\u2019arme de Roger VANDENBERGHE.<\/p>\n<p><img loading=\"lazy\" decoding=\"async\" class=\"aligncenter wp-image-3062 size-large\" src=\"https:\/\/anapi.fr\/wp-content\/uploads\/2024\/05\/7-mai-Nogent-2024-credit-Bondroit-Indo-Editions_8155-1024x678.jpg\" alt=\"\" width=\"1024\" height=\"678\" srcset=\"https:\/\/anapi.fr\/wp-content\/uploads\/2024\/05\/7-mai-Nogent-2024-credit-Bondroit-Indo-Editions_8155-1024x678.jpg 1024w, https:\/\/anapi.fr\/wp-content\/uploads\/2024\/05\/7-mai-Nogent-2024-credit-Bondroit-Indo-Editions_8155-300x199.jpg 300w, https:\/\/anapi.fr\/wp-content\/uploads\/2024\/05\/7-mai-Nogent-2024-credit-Bondroit-Indo-Editions_8155-768x509.jpg 768w, https:\/\/anapi.fr\/wp-content\/uploads\/2024\/05\/7-mai-Nogent-2024-credit-Bondroit-Indo-Editions_8155.jpg 1280w\" sizes=\"auto, (max-width: 1024px) 100vw, 1024px\" \/><\/p>\n<p style=\"text-align: justify;\">La prise de parole de Monsieur Thierry MORVAN s\u2019est achev\u00e9 par la lecture d\u2019un po\u00e8me d\u2019un auteur anonyme sur Dien Bien Phu :<\/p>\n<p style=\"text-align: justify;\">C&#8217;\u00e9tait un coin du monde, en Asie, loin de tout<br \/>\nEncadr\u00e9 de montagnes, h\u00e9riss\u00e9 de bambous<br \/>\nAu fond d&#8217;une cuvette, parsem\u00e9e de collines<br \/>\nEt tout autour creus\u00e9es de profondes ravines.<\/p>\n<p style=\"text-align: justify;\">P<span style=\"font-size: 16px;\">itons nus, baptis\u00e9s Dominique, Isabelle,<\/span><\/p>\n<p style=\"text-align: justify;\">Huguette, Anne-Marie, \u00c9liane et Gabrielle<br \/>\nEt aussi B\u00e9atrice, noms de filles ou de femmes<br \/>\nPoints d&#8217;appuis qui un jour, furent couronn\u00e9s de flammes.<\/p>\n<p style=\"text-align: justify;\">Th\u00e9\u00e2tre de batailles furieuses et sans piti\u00e9<br \/>\nOu sont ensevelis des soldats sacrifi\u00e9s<br \/>\nVietnamiens francophiles, sapeurs et l\u00e9gionnaires<br \/>\nFantassins, artilleurs et paras l\u00e9gendaires.<\/p>\n<p style=\"text-align: justify;\">Combattants sans reproche, de par le sang vers\u00e9<br \/>\nPour l&#8217;honneur de la France et pour la libert\u00e9<br \/>\nCette terre \u00e9trang\u00e8re, si lointaine pour vous<br \/>\nCette vall\u00e9e sanglante s&#8217;appelait &#8220;Dien Bien Phu&#8221;<\/p>\n<figure id=\"attachment_3089\" aria-describedby=\"caption-attachment-3089\" style=\"width: 1024px\" class=\"wp-caption aligncenter\"><img loading=\"lazy\" decoding=\"async\" class=\"wp-image-3089 size-large\" src=\"https:\/\/anapi.fr\/wp-content\/uploads\/2024\/05\/IMG_20240522_191015-1024x716.jpg\" alt=\"\" width=\"1024\" height=\"716\" srcset=\"https:\/\/anapi.fr\/wp-content\/uploads\/2024\/05\/IMG_20240522_191015-1024x716.jpg 1024w, https:\/\/anapi.fr\/wp-content\/uploads\/2024\/05\/IMG_20240522_191015-300x210.jpg 300w, https:\/\/anapi.fr\/wp-content\/uploads\/2024\/05\/IMG_20240522_191015-768x537.jpg 768w, https:\/\/anapi.fr\/wp-content\/uploads\/2024\/05\/IMG_20240522_191015.jpg 1029w\" sizes=\"auto, (max-width: 1024px) 100vw, 1024px\" \/><figcaption id=\"caption-attachment-3089\" class=\"wp-caption-text\">Prise de parole du CGA Philippe de MALEISSYE<\/figcaption><\/figure>\n<figure id=\"attachment_3091\" aria-describedby=\"caption-attachment-3091\" style=\"width: 1024px\" class=\"wp-caption aligncenter\"><img loading=\"lazy\" decoding=\"async\" class=\"wp-image-3091 size-large\" src=\"https:\/\/anapi.fr\/wp-content\/uploads\/2024\/05\/IMG_20240522_191233-1024x828.jpg\" alt=\"\" width=\"1024\" height=\"828\" srcset=\"https:\/\/anapi.fr\/wp-content\/uploads\/2024\/05\/IMG_20240522_191233-1024x828.jpg 1024w, https:\/\/anapi.fr\/wp-content\/uploads\/2024\/05\/IMG_20240522_191233-300x243.jpg 300w, https:\/\/anapi.fr\/wp-content\/uploads\/2024\/05\/IMG_20240522_191233-768x621.jpg 768w, https:\/\/anapi.fr\/wp-content\/uploads\/2024\/05\/IMG_20240522_191233.jpg 1080w\" sizes=\"auto, (max-width: 1024px) 100vw, 1024px\" \/><figcaption id=\"caption-attachment-3091\" class=\"wp-caption-text\">Prise de parole de Mr Eric FORNAL<\/figcaption><\/figure>\n<figure id=\"attachment_3095\" aria-describedby=\"caption-attachment-3095\" style=\"width: 1024px\" class=\"wp-caption aligncenter\"><img loading=\"lazy\" decoding=\"async\" class=\"wp-image-3095 size-large\" src=\"https:\/\/anapi.fr\/wp-content\/uploads\/2024\/05\/IMG_20240522_191613-1024x760.jpg\" alt=\"\" width=\"1024\" height=\"760\" srcset=\"https:\/\/anapi.fr\/wp-content\/uploads\/2024\/05\/IMG_20240522_191613-1024x760.jpg 1024w, https:\/\/anapi.fr\/wp-content\/uploads\/2024\/05\/IMG_20240522_191613-300x223.jpg 300w, https:\/\/anapi.fr\/wp-content\/uploads\/2024\/05\/IMG_20240522_191613-768x570.jpg 768w, https:\/\/anapi.fr\/wp-content\/uploads\/2024\/05\/IMG_20240522_191613.jpg 1080w\" sizes=\"auto, (max-width: 1024px) 100vw, 1024px\" \/><figcaption id=\"caption-attachment-3095\" class=\"wp-caption-text\">D\u00e9p\u00f4t de gerbe ANAPI<\/figcaption><\/figure>\n<p>Un repas s\u2019est ensuite d\u00e9roul\u00e9 au sein du Fort de Nogent (GRLE).<\/p>\n<figure id=\"attachment_3098\" aria-describedby=\"caption-attachment-3098\" style=\"width: 1024px\" class=\"wp-caption aligncenter\"><img loading=\"lazy\" decoding=\"async\" class=\"wp-image-3098 size-large\" src=\"https:\/\/anapi.fr\/wp-content\/uploads\/2024\/05\/IMG_20240522_191954-1024x665.jpg\" alt=\"\" width=\"1024\" height=\"665\" srcset=\"https:\/\/anapi.fr\/wp-content\/uploads\/2024\/05\/IMG_20240522_191954-1024x665.jpg 1024w, https:\/\/anapi.fr\/wp-content\/uploads\/2024\/05\/IMG_20240522_191954-300x195.jpg 300w, https:\/\/anapi.fr\/wp-content\/uploads\/2024\/05\/IMG_20240522_191954-768x499.jpg 768w, https:\/\/anapi.fr\/wp-content\/uploads\/2024\/05\/IMG_20240522_191954.jpg 1066w\" sizes=\"auto, (max-width: 1024px) 100vw, 1024px\" \/><figcaption id=\"caption-attachment-3098\" class=\"wp-caption-text\">Lieutenant-Colonel EYCKMAYER, CGA de MALEISSYE, Madame Do\u00efna GNIEWEK<\/figcaption><\/figure>\n<p><img loading=\"lazy\" decoding=\"async\" class=\"aligncenter wp-image-3100 size-large\" src=\"https:\/\/anapi.fr\/wp-content\/uploads\/2024\/05\/IMG_20240522_192158-1024x662.jpg\" alt=\"\" width=\"1024\" height=\"662\" srcset=\"https:\/\/anapi.fr\/wp-content\/uploads\/2024\/05\/IMG_20240522_192158-1024x662.jpg 1024w, https:\/\/anapi.fr\/wp-content\/uploads\/2024\/05\/IMG_20240522_192158-300x194.jpg 300w, https:\/\/anapi.fr\/wp-content\/uploads\/2024\/05\/IMG_20240522_192158-768x496.jpg 768w, https:\/\/anapi.fr\/wp-content\/uploads\/2024\/05\/IMG_20240522_192158.jpg 1080w\" sizes=\"auto, (max-width: 1024px) 100vw, 1024px\" \/><\/p>\n<p>Arc-de-Triomphe<\/p>\n<p style=\"text-align: justify;\">Cette s\u00e9quence m\u00e9morielle s\u2019est achev\u00e9e par un d\u00e9p\u00f4t de Gerbe sous l\u2019Arc-de-Triomphe et le ravivage de la Flamme.<\/p>\n<p><img loading=\"lazy\" decoding=\"async\" class=\"aligncenter wp-image-3065 size-large\" src=\"https:\/\/anapi.fr\/wp-content\/uploads\/2024\/05\/equipe-ANAPI-7-mai-arc-credit-Guy-Celestine-2024-05-10-18-43-30-1024x347.jpg\" alt=\"\" width=\"1024\" height=\"347\" srcset=\"https:\/\/anapi.fr\/wp-content\/uploads\/2024\/05\/equipe-ANAPI-7-mai-arc-credit-Guy-Celestine-2024-05-10-18-43-30-1024x347.jpg 1024w, https:\/\/anapi.fr\/wp-content\/uploads\/2024\/05\/equipe-ANAPI-7-mai-arc-credit-Guy-Celestine-2024-05-10-18-43-30-300x102.jpg 300w, https:\/\/anapi.fr\/wp-content\/uploads\/2024\/05\/equipe-ANAPI-7-mai-arc-credit-Guy-Celestine-2024-05-10-18-43-30-768x260.jpg 768w, https:\/\/anapi.fr\/wp-content\/uploads\/2024\/05\/equipe-ANAPI-7-mai-arc-credit-Guy-Celestine-2024-05-10-18-43-30-1536x521.jpg 1536w, https:\/\/anapi.fr\/wp-content\/uploads\/2024\/05\/equipe-ANAPI-7-mai-arc-credit-Guy-Celestine-2024-05-10-18-43-30.jpg 2048w\" sizes=\"auto, (max-width: 1024px) 100vw, 1024px\" \/><\/p>\n<p style=\"text-align: justify;\">Arriv\u00e9e de la d\u00e9l\u00e9gation ANAPI \u00e0 l&#8217;ARC D, conduite par Madame VERDIER-JOUCLAS, Directrice G\u00e9n\u00e9rale de l\u2019ONaCVG<\/p>\n<p><img loading=\"lazy\" decoding=\"async\" class=\"aligncenter wp-image-3054 size-large\" src=\"https:\/\/anapi.fr\/wp-content\/uploads\/2024\/05\/equipe-ANAPI-7-mai-arc-credit-Guy-Celestine-2024-05-10-18-43-31-2-1024x683.jpg\" alt=\"\" width=\"1024\" height=\"683\" srcset=\"https:\/\/anapi.fr\/wp-content\/uploads\/2024\/05\/equipe-ANAPI-7-mai-arc-credit-Guy-Celestine-2024-05-10-18-43-31-2-1024x683.jpg 1024w, https:\/\/anapi.fr\/wp-content\/uploads\/2024\/05\/equipe-ANAPI-7-mai-arc-credit-Guy-Celestine-2024-05-10-18-43-31-2-300x200.jpg 300w, https:\/\/anapi.fr\/wp-content\/uploads\/2024\/05\/equipe-ANAPI-7-mai-arc-credit-Guy-Celestine-2024-05-10-18-43-31-2-768x512.jpg 768w, https:\/\/anapi.fr\/wp-content\/uploads\/2024\/05\/equipe-ANAPI-7-mai-arc-credit-Guy-Celestine-2024-05-10-18-43-31-2-1536x1025.jpg 1536w, https:\/\/anapi.fr\/wp-content\/uploads\/2024\/05\/equipe-ANAPI-7-mai-arc-credit-Guy-Celestine-2024-05-10-18-43-31-2.jpg 2048w\" sizes=\"auto, (max-width: 1024px) 100vw, 1024px\" \/><\/p>\n<p><img loading=\"lazy\" decoding=\"async\" class=\"aligncenter wp-image-3106 size-full\" src=\"https:\/\/anapi.fr\/wp-content\/uploads\/2024\/05\/IMG_20240522_204015.jpg\" alt=\"\" width=\"1080\" height=\"546\" srcset=\"https:\/\/anapi.fr\/wp-content\/uploads\/2024\/05\/IMG_20240522_204015.jpg 1080w, https:\/\/anapi.fr\/wp-content\/uploads\/2024\/05\/IMG_20240522_204015-300x152.jpg 300w, https:\/\/anapi.fr\/wp-content\/uploads\/2024\/05\/IMG_20240522_204015-1024x518.jpg 1024w, https:\/\/anapi.fr\/wp-content\/uploads\/2024\/05\/IMG_20240522_204015-768x388.jpg 768w\" sizes=\"auto, (max-width: 1080px) 100vw, 1080px\" \/><\/p>\n<p>&nbsp;<\/p>\n<p>Views: 110<\/p>","protected":false},"excerpt":{"rendered":"<p>Le 07 mai 2024, l\u2019ANAPI a rendu un vibrant hommage aux combattants de Dien Bien Phu \u00e0 l\u2019occasion du 70\u00e8me anniversaire marquant la fin des combats de cette terrible bataille. Une premi\u00e8re c\u00e9r\u00e9monie a ainsi \u00e9t\u00e9 organis\u00e9e dans la matin\u00e9e \u00e0 Nogent sur Marne, autour de son monument aux morts rassemblant environ 150 personnes. Une [&hellip;]<\/p>\n","protected":false},"author":1,"featured_media":0,"comment_status":"closed","ping_status":"closed","sticky":false,"template":"","format":"standard","meta":{"_uag_custom_page_level_css":"","site-sidebar-layout":"default","site-content-layout":"","ast-site-content-layout":"default","site-content-style":"default","site-sidebar-style":"default","ast-global-header-display":"","ast-banner-title-visibility":"","ast-main-header-display":"","ast-hfb-above-header-display":"","ast-hfb-below-header-display":"","ast-hfb-mobile-header-display":"","site-post-title":"","ast-breadcrumbs-content":"","ast-featured-img":"","footer-sml-layout":"","ast-disable-related-posts":"","theme-transparent-header-meta":"default","adv-header-id-meta":"","stick-header-meta":"default","header-above-stick-meta":"","header-main-stick-meta":"","header-below-stick-meta":"","astra-migrate-meta-layouts":"set","ast-page-background-enabled":"default","ast-page-background-meta":{"desktop":{"background-color":"","background-image":"","background-repeat":"repeat","background-position":"center center","background-size":"auto","background-attachment":"scroll","background-type":"","background-media":"","overlay-type":"","overlay-color":"","overlay-opacity":"","overlay-gradient":""},"tablet":{"background-color":"","background-image":"","background-repeat":"repeat","background-position":"center center","background-size":"auto","background-attachment":"scroll","background-type":"","background-media":"","overlay-type":"","overlay-color":"","overlay-opacity":"","overlay-gradient":""},"mobile":{"background-color":"","background-image":"","background-repeat":"repeat","background-position":"center center","background-size":"auto","background-attachment":"scroll","background-type":"","background-media":"","overlay-type":"","overlay-color":"","overlay-opacity":"","overlay-gradient":""}},"ast-content-background-meta":{"desktop":{"background-color":"var(--ast-global-color-5)","background-image":"","background-repeat":"repeat","background-position":"center center","background-size":"auto","background-attachment":"scroll","background-type":"","background-media":"","overlay-type":"","overlay-color":"","overlay-opacity":"","overlay-gradient":""},"tablet":{"background-color":"var(--ast-global-color-5)","background-image":"","background-repeat":"repeat","background-position":"center center","background-size":"auto","background-attachment":"scroll","background-type":"","background-media":"","overlay-type":"","overlay-color":"","overlay-opacity":"","overlay-gradient":""},"mobile":{"background-color":"var(--ast-global-color-5)","background-image":"","background-repeat":"repeat","background-position":"center center","background-size":"auto","background-attachment":"scroll","background-type":"","background-media":"","overlay-type":"","overlay-color":"","overlay-opacity":"","overlay-gradient":""}},"footnotes":""},"categories":[62,1,30],"tags":[],"table_tags":[],"class_list":["post-3069","post","type-post","status-publish","format-standard","hentry","category-infos","category-uncategorized","category-vie-association"],"uagb_featured_image_src":{"full":false,"thumbnail":false,"medium":false,"medium_large":false,"large":false,"1536x1536":false,"2048x2048":false},"uagb_author_info":{"display_name":"ANAPI","author_link":"https:\/\/anapi.fr\/?author=1"},"uagb_comment_info":0,"uagb_excerpt":"Le 07 mai 2024, l\u2019ANAPI a rendu un vibrant hommage aux combattants de Dien Bien Phu \u00e0 l\u2019occasion du 70\u00e8me anniversaire marquant la fin des combats de cette terrible bataille. Une premi\u00e8re c\u00e9r\u00e9monie a ainsi \u00e9t\u00e9 organis\u00e9e dans la matin\u00e9e \u00e0 Nogent sur Marne, autour de son monument aux morts rassemblant environ 150 personnes. Une\u2026","_links":{"self":[{"href":"https:\/\/anapi.fr\/index.php?rest_route=\/wp\/v2\/posts\/3069","targetHints":{"allow":["GET"]}}],"collection":[{"href":"https:\/\/anapi.fr\/index.php?rest_route=\/wp\/v2\/posts"}],"about":[{"href":"https:\/\/anapi.fr\/index.php?rest_route=\/wp\/v2\/types\/post"}],"author":[{"embeddable":true,"href":"https:\/\/anapi.fr\/index.php?rest_route=\/wp\/v2\/users\/1"}],"replies":[{"embeddable":true,"href":"https:\/\/anapi.fr\/index.php?rest_route=%2Fwp%2Fv2%2Fcomments&post=3069"}],"version-history":[{"count":25,"href":"https:\/\/anapi.fr\/index.php?rest_route=\/wp\/v2\/posts\/3069\/revisions"}],"predecessor-version":[{"id":3107,"href":"https:\/\/anapi.fr\/index.php?rest_route=\/wp\/v2\/posts\/3069\/revisions\/3107"}],"wp:attachment":[{"href":"https:\/\/anapi.fr\/index.php?rest_route=%2Fwp%2Fv2%2Fmedia&parent=3069"}],"wp:term":[{"taxonomy":"category","embeddable":true,"href":"https:\/\/anapi.fr\/index.php?rest_route=%2Fwp%2Fv2%2Fcategories&post=3069"},{"taxonomy":"post_tag","embeddable":true,"href":"https:\/\/anapi.fr\/index.php?rest_route=%2Fwp%2Fv2%2Ftags&post=3069"},{"taxonomy":"table_tags","embeddable":true,"href":"https:\/\/anapi.fr\/index.php?rest_route=%2Fwp%2Fv2%2Ftable_tags&post=3069"}],"curies":[{"name":"wp","href":"https:\/\/api.w.org\/{rel}","templated":true}]}}