{"id":3150,"date":"2024-06-10T09:00:30","date_gmt":"2024-06-10T09:00:30","guid":{"rendered":"https:\/\/anapi.fr\/?p=3150"},"modified":"2024-12-05T10:32:36","modified_gmt":"2024-12-05T10:32:36","slug":"8-juin-2024-journee-nationale-dhommage-aux-morts-pour-la-france-anapi-ile-de-france-evry-91","status":"publish","type":"post","link":"https:\/\/anapi.fr\/?p=3150","title":{"rendered":"8 juin 2024, journ\u00e9e nationale d\u2019hommage aux morts pour la France en Indochine &#8211; ANAPI Ile de France &#8211; Evry (91),"},"content":{"rendered":"<figure id=\"attachment_3152\" aria-describedby=\"caption-attachment-3152\" style=\"width: 791px\" class=\"wp-caption aligncenter\"><img loading=\"lazy\" decoding=\"async\" class=\"wp-image-3152 size-large\" src=\"https:\/\/anapi.fr\/wp-content\/uploads\/2024\/06\/IMG-5739-791x1024.jpg\" alt=\"\" width=\"791\" height=\"1024\" srcset=\"https:\/\/anapi.fr\/wp-content\/uploads\/2024\/06\/IMG-5739-791x1024.jpg 791w, https:\/\/anapi.fr\/wp-content\/uploads\/2024\/06\/IMG-5739-232x300.jpg 232w, https:\/\/anapi.fr\/wp-content\/uploads\/2024\/06\/IMG-5739-768x994.jpg 768w, https:\/\/anapi.fr\/wp-content\/uploads\/2024\/06\/IMG-5739.jpg 989w\" sizes=\"auto, (max-width: 791px) 100vw, 791px\" \/><figcaption id=\"caption-attachment-3152\" class=\"wp-caption-text\">L\u2019\u00e9tendard du 10\u00e8me RAC\/2\u00e8me RSMV et sa garde<\/figcaption><\/figure>\n<p><span style=\"font-size: 16px; text-align: justify;\">A l\u2019occasion du 8 juin 2024 marquant la journ\u00e9e nationale d\u2019hommage aux morts pour la France, l\u2019ANAPI Ile de France a particip\u00e9 \u00e0 une c\u00e9r\u00e9monie au monument aux morts d\u2019Evry (91), en pr\u00e9sence de Madame la pr\u00e9f\u00e8te de l\u2019Essonne, du vice-Pr\u00e9sident du conseil d\u00e9partemental et de l\u2019adjoint au maire d\u2019Evry en charge des actions m\u00e9morielles.<\/span><\/p>\n<figure id=\"attachment_3153\" aria-describedby=\"caption-attachment-3153\" style=\"width: 1024px\" class=\"wp-caption aligncenter\"><img loading=\"lazy\" decoding=\"async\" class=\"wp-image-3153 size-large\" src=\"https:\/\/anapi.fr\/wp-content\/uploads\/2024\/06\/IMG-5742-1024x984.jpg\" alt=\"\" width=\"1024\" height=\"984\" srcset=\"https:\/\/anapi.fr\/wp-content\/uploads\/2024\/06\/IMG-5742-1024x984.jpg 1024w, https:\/\/anapi.fr\/wp-content\/uploads\/2024\/06\/IMG-5742-300x288.jpg 300w, https:\/\/anapi.fr\/wp-content\/uploads\/2024\/06\/IMG-5742-768x738.jpg 768w, https:\/\/anapi.fr\/wp-content\/uploads\/2024\/06\/IMG-5742.jpg 1280w\" sizes=\"auto, (max-width: 1024px) 100vw, 1024px\" \/><figcaption id=\"caption-attachment-3153\" class=\"wp-caption-text\">Piquet d\u2019honneur du 2\u00e8me RSMV<\/figcaption><\/figure>\n<p>L\u2019\u00e9tendard du 10\u00e8me RAC (pr\u00e9sent sur Isabelle \u00e0 Dien Bien Phu), confi\u00e9 d\u00e9sormais au 2\u00e8me RSMV, \u00e9tait \u00e9galement pr\u00e9sent avec sa garde et un piquet d\u2019honneur.<\/p>\n<p><img loading=\"lazy\" decoding=\"async\" class=\"aligncenter wp-image-3156 size-large\" src=\"https:\/\/anapi.fr\/wp-content\/uploads\/2024\/06\/IMG-5710-1024x768.jpg\" alt=\"\" width=\"1024\" height=\"768\" srcset=\"https:\/\/anapi.fr\/wp-content\/uploads\/2024\/06\/IMG-5710-1024x768.jpg 1024w, https:\/\/anapi.fr\/wp-content\/uploads\/2024\/06\/IMG-5710-300x225.jpg 300w, https:\/\/anapi.fr\/wp-content\/uploads\/2024\/06\/IMG-5710-768x576.jpg 768w, https:\/\/anapi.fr\/wp-content\/uploads\/2024\/06\/IMG-5710-1536x1152.jpg 1536w, https:\/\/anapi.fr\/wp-content\/uploads\/2024\/06\/IMG-5710.jpg 2016w\" sizes=\"auto, (max-width: 1024px) 100vw, 1024px\" \/><\/p>\n<p><span style=\"font-size: 16px;\">Douze drapeaux d\u2019association \u00e9taient pr\u00e9sents parmi lesquels figuraient ceux de l\u2019ANAPI et de l\u2019ARC Dien Bien Phu.<\/span><\/p>\n<p><img loading=\"lazy\" decoding=\"async\" class=\"aligncenter wp-image-3154 size-full\" src=\"https:\/\/anapi.fr\/wp-content\/uploads\/2024\/06\/IMG-5744.jpg\" alt=\"\" width=\"1047\" height=\"1280\" srcset=\"https:\/\/anapi.fr\/wp-content\/uploads\/2024\/06\/IMG-5744.jpg 1047w, https:\/\/anapi.fr\/wp-content\/uploads\/2024\/06\/IMG-5744-245x300.jpg 245w, https:\/\/anapi.fr\/wp-content\/uploads\/2024\/06\/IMG-5744-838x1024.jpg 838w, https:\/\/anapi.fr\/wp-content\/uploads\/2024\/06\/IMG-5744-768x939.jpg 768w\" sizes=\"auto, (max-width: 1047px) 100vw, 1047px\" \/><\/p>\n<p>Le discours prononc\u00e9 par le pr\u00e9sident IdF de l\u2019ANAPI (voir ci-dessous) est venu souligner qu\u2019en cette journ\u00e9e d\u2019hommage aux morts pour la France en Indochine se trouvaient de nombreux prisonniers morts dans les camps de r\u00e9\u00e9ducation du Vi\u00eat-minh dans l\u2019indiff\u00e9rence g\u00e9n\u00e9rale.<\/p>\n<figure id=\"attachment_3155\" aria-describedby=\"caption-attachment-3155\" style=\"width: 1024px\" class=\"wp-caption aligncenter\"><img loading=\"lazy\" decoding=\"async\" class=\"wp-image-3155 size-large\" src=\"https:\/\/anapi.fr\/wp-content\/uploads\/2024\/06\/IMG-5721-1024x768.jpg\" alt=\"\" width=\"1024\" height=\"768\" srcset=\"https:\/\/anapi.fr\/wp-content\/uploads\/2024\/06\/IMG-5721-1024x768.jpg 1024w, https:\/\/anapi.fr\/wp-content\/uploads\/2024\/06\/IMG-5721-300x225.jpg 300w, https:\/\/anapi.fr\/wp-content\/uploads\/2024\/06\/IMG-5721-768x576.jpg 768w, https:\/\/anapi.fr\/wp-content\/uploads\/2024\/06\/IMG-5721-1536x1152.jpg 1536w, https:\/\/anapi.fr\/wp-content\/uploads\/2024\/06\/IMG-5721.jpg 2016w\" sizes=\"auto, (max-width: 1024px) 100vw, 1024px\" \/><figcaption id=\"caption-attachment-3155\" class=\"wp-caption-text\">D\u00e9p\u00f4t de gerbe ANAPI et ARC Dien Bien Phu par le major (er) Pierre Flamen, grand officier de la L\u00e9gion d\u2019honneur, accompagn\u00e9 de M. \u00c9ric Fornal, secr\u00e9taire g\u00e9n\u00e9ral de l\u2019ANAPI et du LCL (er) Jean-Michel Qu\u00e9va, secr\u00e9taire g\u00e9n\u00e9ral de l\u2019ARC Dien Bien Phu<\/figcaption><\/figure>\n<p>Une gerbe commune ANAPI-ARC Dien Bien Phu a ensuite \u00e9t\u00e9 d\u00e9pos\u00e9e par Pierre Flamen, accompagn\u00e9 du secr\u00e9taire g\u00e9n\u00e9ral de nos deux associations.<\/p>\n<p><img loading=\"lazy\" decoding=\"async\" class=\"aligncenter wp-image-3157 size-large\" src=\"https:\/\/anapi.fr\/wp-content\/uploads\/2024\/06\/IMG-5712-1024x768.jpg\" alt=\"\" width=\"1024\" height=\"768\" srcset=\"https:\/\/anapi.fr\/wp-content\/uploads\/2024\/06\/IMG-5712-1024x768.jpg 1024w, https:\/\/anapi.fr\/wp-content\/uploads\/2024\/06\/IMG-5712-300x225.jpg 300w, https:\/\/anapi.fr\/wp-content\/uploads\/2024\/06\/IMG-5712-768x576.jpg 768w, https:\/\/anapi.fr\/wp-content\/uploads\/2024\/06\/IMG-5712-1536x1152.jpg 1536w, https:\/\/anapi.fr\/wp-content\/uploads\/2024\/06\/IMG-5712.jpg 2016w\" sizes=\"auto, (max-width: 1024px) 100vw, 1024px\" \/><\/p>\n<p>En fin d\u2019apr\u00e8s-midi, le m\u00eame dispositif ANAPI-ARC Dien Bien Phu s\u2019est d\u00e9plac\u00e9 place de l\u2019Etoile, sous l\u2019Arc de Triomphe pour cl\u00f4turer cette journ\u00e9e m\u00e9morielle.<\/p>\n<p><img loading=\"lazy\" decoding=\"async\" class=\"aligncenter wp-image-3159 size-large\" src=\"https:\/\/anapi.fr\/wp-content\/uploads\/2024\/06\/IMG-5720-768x1024.jpg\" alt=\"\" width=\"768\" height=\"1024\" srcset=\"https:\/\/anapi.fr\/wp-content\/uploads\/2024\/06\/IMG-5720-768x1024.jpg 768w, https:\/\/anapi.fr\/wp-content\/uploads\/2024\/06\/IMG-5720-225x300.jpg 225w, https:\/\/anapi.fr\/wp-content\/uploads\/2024\/06\/IMG-5720-1152x1536.jpg 1152w, https:\/\/anapi.fr\/wp-content\/uploads\/2024\/06\/IMG-5720-rotated.jpg 1512w\" sizes=\"auto, (max-width: 768px) 100vw, 768px\" \/><\/p>\n<p>A cette occasion, une gerbe commune ANAPI et ARC Dien Bien Phu a de nouveau \u00e9t\u00e9 d\u00e9pos\u00e9e par Madame Chauvet, veuve du colonel Gabriel Chauvet dit &#8220;big boy&#8221; (lieutenant au 1er BEP lors des combats de la RC4 et rescap\u00e9 du camp n\u00b01).<\/p>\n<p><img loading=\"lazy\" decoding=\"async\" class=\"aligncenter wp-image-3160 size-large\" src=\"https:\/\/anapi.fr\/wp-content\/uploads\/2024\/06\/IMG-5732-1024x768.jpg\" alt=\"\" width=\"1024\" height=\"768\" srcset=\"https:\/\/anapi.fr\/wp-content\/uploads\/2024\/06\/IMG-5732-1024x768.jpg 1024w, https:\/\/anapi.fr\/wp-content\/uploads\/2024\/06\/IMG-5732-300x225.jpg 300w, https:\/\/anapi.fr\/wp-content\/uploads\/2024\/06\/IMG-5732-768x576.jpg 768w, https:\/\/anapi.fr\/wp-content\/uploads\/2024\/06\/IMG-5732-1536x1152.jpg 1536w, https:\/\/anapi.fr\/wp-content\/uploads\/2024\/06\/IMG-5732.jpg 2016w\" sizes=\"auto, (max-width: 1024px) 100vw, 1024px\" \/><\/p>\n<p><strong>Discours du Pr\u00e9sident de l&#8217;ANAPI IDF :<\/strong><\/p>\n<p style=\"text-align: justify;\">Le 21 juillet 1954, la guerre d\u2019Indochine prenait fin. Une guerre cruelle, une guerre lointaine, \u00e0 la fois ignor\u00e9e et incomprise des Fran\u00e7ais de l\u2019\u00e9poque.<\/p>\n<p style=\"text-align: justify;\">Cette fin tragique fut alors pour le Vi\u00eat-Minh, l\u2019heure d\u2019une incroyable victoire, elle fut pour nous, Fran\u00e7ais, celle d\u2019une impensable d\u00e9faite.<\/p>\n<p style=\"text-align: justify;\">Subitement, les liens tiss\u00e9s pendant pr\u00e8s d\u2019un si\u00e8cle entre notre pays et l\u2019Indochine et plus particuli\u00e8rement le Vietnam se trouvaient rompus, la France s\u2019engageant dans une nouvelle trag\u00e9die en Alg\u00e9rie, le nord-Vietnam s\u2019appr\u00eatant quant \u00e0 lui \u00e0 une nouvelle guerre interminable avec le sud-Vietnam et les Etats-Unis. C\u2019\u00e9tait il y a 70 ans.<\/p>\n<p style=\"text-align: justify;\">Mais quelle folie, quels vertiges avaient pu pousser nos gouvernants de l\u2019apr\u00e8s-guerre \u00e0 envoyer un corps exp\u00e9ditionnaire \u00e0 l\u2019autre bout du monde\u00a0?<\/p>\n<p style=\"text-align: justify;\">Accus\u00e9s d\u2019\u00eatre engag\u00e9s dans une guerre coloniale alors qu\u2019il s\u2019agissait d\u2019un combat pour la libert\u00e9, celle des Vietnamiens, face au p\u00e9ril communiste dans un contexte de guerre froide, nos combattants ont eu bien souvent, trop longtemps, le sentiment d\u2019y \u00eatre oubli\u00e9s, puis abandonn\u00e9s par ceux qui les avaient envoy\u00e9s se battre \u00e0 plus de 12\u00a0000 km de la m\u00e9tropole.<\/p>\n<p style=\"text-align: justify;\">Affrontant un ennemi pugnace et r\u00e9siliant qui selon les propres mots du Mar\u00e9chal de Lattre \u00ab\u00a0se battait bien pour une cause mauvaise\u00a0\u00bb, nos soldats du Corps exp\u00e9ditionnaire (m\u00e9tropolitains, l\u00e9gionnaires, africains, nord-africains et indochinois) se sont battus au c\u00f4t\u00e9 de l\u2019arm\u00e9e\u00a0vietnamienne avec g\u00e9n\u00e9rosit\u00e9 et abn\u00e9gation, jusqu\u2019au sacrifice supr\u00eame\u00a0: au total, plus de 100\u00a0000 d\u2019entre eux l\u2019ont pay\u00e9 de leur vie. En ce jour, nous leur rendons hommage mais il est sans doute n\u00e9cessaire d\u2019aller plus loin dans notre devoir de m\u00e9moire.<\/p>\n<p style=\"text-align: justify;\">Le 15 octobre 1954, les derniers prisonniers lib\u00e9r\u00e9s par le Vi\u00eat-Minh sont embarqu\u00e9s par la marine fran\u00e7aise \u00e0 Sam Son. D\u00e8s lors, un macabre d\u00e9compte permet de mesurer l\u2019\u00e9tendue de la trag\u00e9die qui s\u2019est jou\u00e9e dans les camps de prisonniers : 40\u00a0879 prisonniers, des arm\u00e9es fran\u00e7aise et vietnamienne manquent alors \u00e0 l\u2019appel\u2026 disparus sans laisser de trace, disparus dans la nuit sur des pistes sans fin, disparus dans les camps de la mort lente, sans espoir et dans un total d\u00e9nuement \u2026 finalement disparus de nos m\u00e9moires\u00a0!<\/p>\n<p style=\"text-align: justify;\">Si mourir au combat est une \u00e9ventualit\u00e9 que le soldat accepte, sans \u00e9tat d\u2019\u00e2mes, dans l\u2019accomplissement de sa mission, pour l\u2019honneur et le respect de ses engagements, mourir en captivit\u00e9 du fait d\u2019un ge\u00f4lier ignorant obstin\u00e9ment les conventions de Gen\u00e8ve et refusant tout soutien de la croix rouge, l\u2019est beaucoup moins.<\/p>\n<p style=\"text-align: justify;\">\u2026 car dans les camps de r\u00e9\u00e9ducation du Vi\u00eat-Minh, on meurt, on meurt m\u00eame beaucoup mais encore faut-il mourir converti, broy\u00e9 par un v\u00e9ritable lavage de cerveau inhumain, au nom de l\u2019id\u00e9ologie marxiste. Cette id\u00e9ologie mortif\u00e8re, appliqu\u00e9e aveugl\u00e9ment et sans scrupule, devient une seconde prison dans la prison, amenant peu \u00e0 peu la d\u00e9sint\u00e9gration des \u00eatres et leur lente \u00e9limination. Par cette ignominie, le Vi\u00eat-Minh a entach\u00e9 \u00e0 tout jamais sa victoire face au tribunal de l\u2019Histoire.<\/p>\n<p style=\"text-align: justify;\">Aujourd\u2019hui, l\u2019histoire de cette guerre et encore plus de cette trag\u00e9die n\u2019est pas seulement m\u00e9connue, mais tout simplement ignor\u00e9e. Et nous le savons bien, l\u2019ignorance est le plus grand des m\u00e9pris.<\/p>\n<p style=\"text-align: justify;\">En cette journ\u00e9e nationale d\u2019hommage aux &#8220;morts pour le France&#8221; en Indochine, \u00e0 la m\u00e9moire de ces combattants, associons celle de ces prisonniers, disparus sans laisser de traces, abandonn\u00e9s sans s\u00e9pulture en terre indochinoise, terre qu\u2019ils ont tant aim\u00e9e et \u00e0 laquelle ils sont d\u00e9sormais \u00e0 tout jamais amalgam\u00e9s.<\/p>\n<p>Views: 17<\/p>","protected":false},"excerpt":{"rendered":"<p>A l\u2019occasion du 8 juin 2024 marquant la journ\u00e9e nationale d\u2019hommage aux morts pour la France, l\u2019ANAPI Ile de France a particip\u00e9 \u00e0 une c\u00e9r\u00e9monie au monument aux morts d\u2019Evry (91), en pr\u00e9sence de Madame la pr\u00e9f\u00e8te de l\u2019Essonne, du vice-Pr\u00e9sident du conseil d\u00e9partemental et de l\u2019adjoint au maire d\u2019Evry en charge des actions m\u00e9morielles. [&hellip;]<\/p>\n","protected":false},"author":1,"featured_media":0,"comment_status":"closed","ping_status":"closed","sticky":false,"template":"","format":"standard","meta":{"_uag_custom_page_level_css":"","site-sidebar-layout":"default","site-content-layout":"","ast-site-content-layout":"default","site-content-style":"default","site-sidebar-style":"default","ast-global-header-display":"","ast-banner-title-visibility":"","ast-main-header-display":"","ast-hfb-above-header-display":"","ast-hfb-below-header-display":"","ast-hfb-mobile-header-display":"","site-post-title":"","ast-breadcrumbs-content":"","ast-featured-img":"","footer-sml-layout":"","ast-disable-related-posts":"","theme-transparent-header-meta":"default","adv-header-id-meta":"","stick-header-meta":"default","header-above-stick-meta":"","header-main-stick-meta":"","header-below-stick-meta":"","astra-migrate-meta-layouts":"set","ast-page-background-enabled":"default","ast-page-background-meta":{"desktop":{"background-color":"","background-image":"","background-repeat":"repeat","background-position":"center center","background-size":"auto","background-attachment":"scroll","background-type":"","background-media":"","overlay-type":"","overlay-color":"","overlay-opacity":"","overlay-gradient":""},"tablet":{"background-color":"","background-image":"","background-repeat":"repeat","background-position":"center center","background-size":"auto","background-attachment":"scroll","background-type":"","background-media":"","overlay-type":"","overlay-color":"","overlay-opacity":"","overlay-gradient":""},"mobile":{"background-color":"","background-image":"","background-repeat":"repeat","background-position":"center center","background-size":"auto","background-attachment":"scroll","background-type":"","background-media":"","overlay-type":"","overlay-color":"","overlay-opacity":"","overlay-gradient":""}},"ast-content-background-meta":{"desktop":{"background-color":"var(--ast-global-color-5)","background-image":"","background-repeat":"repeat","background-position":"center center","background-size":"auto","background-attachment":"scroll","background-type":"","background-media":"","overlay-type":"","overlay-color":"","overlay-opacity":"","overlay-gradient":""},"tablet":{"background-color":"var(--ast-global-color-5)","background-image":"","background-repeat":"repeat","background-position":"center center","background-size":"auto","background-attachment":"scroll","background-type":"","background-media":"","overlay-type":"","overlay-color":"","overlay-opacity":"","overlay-gradient":""},"mobile":{"background-color":"var(--ast-global-color-5)","background-image":"","background-repeat":"repeat","background-position":"center center","background-size":"auto","background-attachment":"scroll","background-type":"","background-media":"","overlay-type":"","overlay-color":"","overlay-opacity":"","overlay-gradient":""}},"footnotes":""},"categories":[30],"tags":[],"table_tags":[],"class_list":["post-3150","post","type-post","status-publish","format-standard","hentry","category-vie-association"],"uagb_featured_image_src":{"full":false,"thumbnail":false,"medium":false,"medium_large":false,"large":false,"1536x1536":false,"2048x2048":false},"uagb_author_info":{"display_name":"ANAPI","author_link":"https:\/\/anapi.fr\/?author=1"},"uagb_comment_info":0,"uagb_excerpt":"A l\u2019occasion du 8 juin 2024 marquant la journ\u00e9e nationale d\u2019hommage aux morts pour la France, l\u2019ANAPI Ile de France a particip\u00e9 \u00e0 une c\u00e9r\u00e9monie au monument aux morts d\u2019Evry (91), en pr\u00e9sence de Madame la pr\u00e9f\u00e8te de l\u2019Essonne, du vice-Pr\u00e9sident du conseil d\u00e9partemental et de l\u2019adjoint au maire d\u2019Evry en charge des actions m\u00e9morielles.\u2026","_links":{"self":[{"href":"https:\/\/anapi.fr\/index.php?rest_route=\/wp\/v2\/posts\/3150","targetHints":{"allow":["GET"]}}],"collection":[{"href":"https:\/\/anapi.fr\/index.php?rest_route=\/wp\/v2\/posts"}],"about":[{"href":"https:\/\/anapi.fr\/index.php?rest_route=\/wp\/v2\/types\/post"}],"author":[{"embeddable":true,"href":"https:\/\/anapi.fr\/index.php?rest_route=\/wp\/v2\/users\/1"}],"replies":[{"embeddable":true,"href":"https:\/\/anapi.fr\/index.php?rest_route=%2Fwp%2Fv2%2Fcomments&post=3150"}],"version-history":[{"count":7,"href":"https:\/\/anapi.fr\/index.php?rest_route=\/wp\/v2\/posts\/3150\/revisions"}],"predecessor-version":[{"id":3165,"href":"https:\/\/anapi.fr\/index.php?rest_route=\/wp\/v2\/posts\/3150\/revisions\/3165"}],"wp:attachment":[{"href":"https:\/\/anapi.fr\/index.php?rest_route=%2Fwp%2Fv2%2Fmedia&parent=3150"}],"wp:term":[{"taxonomy":"category","embeddable":true,"href":"https:\/\/anapi.fr\/index.php?rest_route=%2Fwp%2Fv2%2Fcategories&post=3150"},{"taxonomy":"post_tag","embeddable":true,"href":"https:\/\/anapi.fr\/index.php?rest_route=%2Fwp%2Fv2%2Ftags&post=3150"},{"taxonomy":"table_tags","embeddable":true,"href":"https:\/\/anapi.fr\/index.php?rest_route=%2Fwp%2Fv2%2Ftable_tags&post=3150"}],"curies":[{"name":"wp","href":"https:\/\/api.w.org\/{rel}","templated":true}]}}